{"id":24,"date":"2023-05-19T08:40:00","date_gmt":"2023-05-19T06:40:00","guid":{"rendered":"https:\/\/samova.cz\/?p=24"},"modified":"2023-09-12T08:43:11","modified_gmt":"2023-09-12T06:43:11","slug":"zapis-c-63-ze-schuze-vyboru-spolecenstvi-vlastniku-jednotek-samova-ul-konane-dne-17-5-2023","status":"publish","type":"post","link":"https:\/\/samova.cz\/index.php\/2023\/05\/19\/zapis-c-63-ze-schuze-vyboru-spolecenstvi-vlastniku-jednotek-samova-ul-konane-dne-17-5-2023\/","title":{"rendered":"Z\u00e1pis \u010d. 63 ze sch\u016fze v\u00fdboru Spole\u010denstv\u00ed vlastn\u00edk\u016f jednotek \u2013 S\u00e1mova ul. konan\u00e9 dne 17. 5. 2023"},"content":{"rendered":"\n<p><strong>P\u0159\u00edtomni: Jan Pernt, Jan Je\u0159\u00e1b, Roman Kouteck\u00fd, V\u00e1clav Bla\u017eek, Patrik Poll\u00e1k, Michael Soukup<br>Omluveni: Eva Krahul\u00edkov\u00e1<br>Host: &#8211;<\/strong><\/p>\n\n\n\n<h2 class=\"wp-block-heading\">PROGRAM:<br>Kontrola z minul\u00e9 sch\u016fze:<\/h2>\n\n\n\n<p><strong>Spo\u0159ic\u00ed \u00fa\u010det.<\/strong> N\u00e1vrh z\u0159\u00eddit, z d\u016fvodu v\u011bt\u0161\u00edch finan\u010dn\u00edch prost\u0159edk\u016f na b\u011b\u017en\u00e9m \u00fa\u010dtu, pro SVJ jin\u00fd spo\u0159\u00edc\u00ed \u00fa\u010det. V\u00fdborem schv\u00e1leno. Zji\u0161t\u011bno, \u017ee zisk nemus\u00ed b\u00fdt rozd\u011blov\u00e1n. Dohodnuto, \u017ee budou z\u0159\u00edzeny cca 3 &#8211; 4 spo\u0159\u00edc\u00ed \u00fa\u010dty v r\u016fzn\u00fdch finan\u010dn\u00edch instituc\u00edch, tak aby byl vklad poji\u0161t\u011bn z\u00e1konnou \u010d\u00e1stkou (100.000 \u20ac). <strong>Z\u0159\u00edzeny \u00fa\u010dty u KB a Fiobanky. Bude z\u0159\u00edzen je\u0161t\u011b jeden \u00fa\u010det. \u00dakol trv\u00e1.<\/strong> (J. Je\u0159\u00e1b, M. Soukup)<\/p>\n\n\n\n<p><strong>Revitalizace vnitrobloku.<\/strong> Dle dostupn\u00fdch informac\u00ed p\u0159ipravuje M\u010c Praha 10 revitalizaci parku p\u0159ed na\u0161imi domy. V\u00fdbor odsouhlasil vstup do jedn\u00e1n\u00ed ohledn\u011b t\u011bchto \u00faprav a to p\u0159edev\u0161\u00edm s podm\u00ednkami na bezpe\u010dnost a dodr\u017eov\u00e1n\u00ed<br>klidu (oplocen\u00ed a no\u010dn\u00ed uzav\u00edr\u00e1n\u00ed pl\u00e1novan\u00fdch h\u0159i\u0161\u0165, minimum m\u00edst k sezen\u00ed, kamerov\u00fd syst\u00e9m apod.). <strong>Obdr\u017eeli jsme odpov\u011b\u010f od M\u010c10. Projekt bude realizov\u00e1n nejd\u0159\u00edve v roce 2024. Dal\u0161\u00ed n\u00e1\u0161 postup bude dohodnut na VH 2023. <\/strong>(v\u00fdbor SVJ)<\/p>\n\n\n\n<p><strong>VH.<\/strong> Prob\u011bhla 13. 12. 2022. (J. Je\u0159\u00e1b)<\/p>\n\n\n\n<p><strong>Teplo.<\/strong> Prob\u011bhla kontrola nahl\u00e1\u0161en\u00fdch nefunk\u010dn\u00edch radi\u00e1tor\u016f. Z\u00e1v\u011bry zve\u0159ejn\u011bny. Zji\u0161t\u011bn\u00e9, zat\u00edm neodstran\u011bn\u00e9, z\u00e1vady opraveny. Objedn\u00e1n projekt celkov\u00e9ho se\u0159\u00edzen\u00ed a opraven\u00ed topn\u00e9ho syst\u00e9mu, dle sd\u011blen\u00ed objednan\u00e9ho bude projekt hotov do konce kv\u011btna 2023. N\u00e1sledn\u011b na z\u00e1klad\u011b jeho v\u00fdsledk\u016f budou popt\u00e1ny firmy na proveden\u00ed oprav. (v\u00fdbor SVJ)<\/p>\n\n\n\n<h2 class=\"wp-block-heading\">Nov\u00e9 akce a zpr\u00e1vy:<\/h2>\n\n\n\n<p><strong>St\u0159echa.<\/strong> Provedena kontrola stavu st\u0159echy po zim\u011b a provedeny n\u00e1sledn\u00e9 opravy a \u010di\u0161t\u011bn\u00ed okapn\u00edch svod\u016f. Zad\u00e1no i vypracov\u00e1n\u00ed projektu celkov\u00e9 rekonstrukce st\u0159echy. \u010cek\u00e1me na jeho dod\u00e1n\u00ed. (v\u00fdbor SVJ)<\/p>\n\n\n\n<p><strong>Zele\u0148.<\/strong> Provedeno pose\u010den\u00ed tr\u00e1vn\u00edku a \u00faprava ke\u0159\u016f na p\u0159edzahr\u00e1dk\u00e1ch ve vnitrobloku. Na p\u0159elom kv\u011btna\/\u010dervna objedn\u00e1no st\u0159\u00edh\u00e1n\u00ed \u017eiv\u00e9ho plotu a plet\u00ed z\u00e1hon\u016f v ulici. (J. Je\u0159\u00e1b)<\/p>\n\n\n\n<p><strong>Vodom\u011bry.<\/strong> Zah\u00e1jena v\u00fdm\u011bna vodom\u011br\u016f (dle vyhl\u00e1\u0161ky po 5ti letech a s d\u00e1lkov\u00fdm ode\u010dtem). P\u0159i 2. term\u00ednu budou opraveny i doposud zji\u0161t\u011bn\u00e9 z\u00e1vady. (J. Je\u0159\u00e1b)<\/p>\n\n\n\n<p><strong>Dlu\u017en\u00edci.<\/strong> Je n\u011bkolik v\u011bt\u0161\u00edch dlu\u017en\u00edk\u016f i z minul\u00fdch let. V\u00fdbor se dohodl, \u017ee jim bude zasl\u00e1na posledn\u00ed v\u00fdzva o zaplacen\u00ed do konce \u010dervna 2023. N\u00e1sledn\u011b budou jejich dluhy p\u0159ed\u00e1ny pr\u00e1vn\u00edkovi, kter\u00fd je soudn\u011b za\u010dne vym\u00e1hat. (v\u00fdbor SVJ)<\/p>\n\n\n\n<p><strong>Revize elektra.<\/strong> Provedena revize HDV (hlavn\u00ed dom\u00e1c\u00ed veden\u00ed). Zji\u0161t\u011bna v\u00e1\u017en\u00e1 z\u00e1vada na veden\u00ed v prostorech mezi 5. a 6. patem ve v\u0161ech domech (propojen\u00ed domovn\u00edch rozvad\u011b\u010d\u016f). Je popt\u00e1na oprava. (M. Soukup)<\/p>\n\n\n\n<p><strong>Kontrola v\u00fdmalby v chodb\u00e1ch dom\u016f.<\/strong> Zji\u0161t\u011bno n\u011bkolik z\u00e1vad v\u00fdmalby. Po zji\u0161t\u011bn\u00ed v\u0161ech z\u00e1vad bude objedn\u00e1na oprava. (v\u00fdbor SVJ)<\/p>\n\n\n\n<p>Praha 17. 5. 2023<\/p>\n\n\n\n<p>Zapsal: J. Je\u0159\u00e1b<\/p>\n\n\n\n<p><\/p>\n","protected":false},"excerpt":{"rendered":"<p>P\u0159\u00edtomni: Jan Pernt, Jan Je\u0159\u00e1b, Roman Kouteck\u00fd, V\u00e1clav Bla\u017eek, Patrik Poll\u00e1k, Michael SoukupOmluveni: Eva Krahul\u00edkov\u00e1Host: &#8211; PROGRAM:Kontrola z minul\u00e9 sch\u016fze: Spo\u0159ic\u00ed \u00fa\u010det. N\u00e1vrh z\u0159\u00eddit, z d\u016fvodu v\u011bt\u0161\u00edch finan\u010dn\u00edch prost\u0159edk\u016f na b\u011b\u017en\u00e9m \u00fa\u010dtu, pro SVJ jin\u00fd spo\u0159\u00edc\u00ed \u00fa\u010det. V\u00fdborem schv\u00e1leno. Zji\u0161t\u011bno, \u017ee zisk nemus\u00ed b\u00fdt rozd\u011blov\u00e1n. Dohodnuto, \u017ee budou z\u0159\u00edzeny cca 3 &#8211; 4 spo\u0159\u00edc\u00ed \u00fa\u010dty [&hellip;]<\/p>\n","protected":false},"author":1,"featured_media":0,"comment_status":"closed","ping_status":"","sticky":false,"template":"","format":"standard","meta":{"footnotes":""},"categories":[1],"tags":[],"_links":{"self":[{"href":"https:\/\/samova.cz\/index.php\/wp-json\/wp\/v2\/posts\/24"}],"collection":[{"href":"https:\/\/samova.cz\/index.php\/wp-json\/wp\/v2\/posts"}],"about":[{"href":"https:\/\/samova.cz\/index.php\/wp-json\/wp\/v2\/types\/post"}],"author":[{"embeddable":true,"href":"https:\/\/samova.cz\/index.php\/wp-json\/wp\/v2\/users\/1"}],"replies":[{"embeddable":true,"href":"https:\/\/samova.cz\/index.php\/wp-json\/wp\/v2\/comments?post=24"}],"version-history":[{"count":1,"href":"https:\/\/samova.cz\/index.php\/wp-json\/wp\/v2\/posts\/24\/revisions"}],"predecessor-version":[{"id":25,"href":"https:\/\/samova.cz\/index.php\/wp-json\/wp\/v2\/posts\/24\/revisions\/25"}],"wp:attachment":[{"href":"https:\/\/samova.cz\/index.php\/wp-json\/wp\/v2\/media?parent=24"}],"wp:term":[{"taxonomy":"category","embeddable":true,"href":"https:\/\/samova.cz\/index.php\/wp-json\/wp\/v2\/categories?post=24"},{"taxonomy":"post_tag","embeddable":true,"href":"https:\/\/samova.cz\/index.php\/wp-json\/wp\/v2\/tags?post=24"}],"curies":[{"name":"wp","href":"https:\/\/api.w.org\/{rel}","templated":true}]}}